{"id":1511,"date":"2026-01-08T15:14:35","date_gmt":"2026-01-08T13:14:35","guid":{"rendered":"https:\/\/www.tilaprosoiniitty.fi\/?p=1511"},"modified":"2026-01-12T14:44:50","modified_gmt":"2026-01-12T12:44:50","slug":"siivouspalvelut-yrityksille-ja-toimitiloihin","status":"publish","type":"post","link":"https:\/\/www.tilaprosoiniitty.fi\/?p=1511","title":{"rendered":"Siivouspalvelut yrityksille ja toimitiloihin"},"content":{"rendered":"\n<figure class=\"wp-block-image size-full\"><img loading=\"lazy\" decoding=\"async\" width=\"940\" height=\"788\" src=\"https:\/\/www.tilaprosoiniitty.fi\/wp-content\/uploads\/2026\/01\/TilaPRO-Soiniitty-toimistosiivous-1.jpg\" alt=\"\" class=\"wp-image-1570\" srcset=\"https:\/\/www.tilaprosoiniitty.fi\/wp-content\/uploads\/2026\/01\/TilaPRO-Soiniitty-toimistosiivous-1.jpg 940w, https:\/\/www.tilaprosoiniitty.fi\/wp-content\/uploads\/2026\/01\/TilaPRO-Soiniitty-toimistosiivous-1-300x251.jpg 300w, https:\/\/www.tilaprosoiniitty.fi\/wp-content\/uploads\/2026\/01\/TilaPRO-Soiniitty-toimistosiivous-1-768x644.jpg 768w\" sizes=\"auto, (max-width: 940px) 100vw, 940px\" \/><\/figure>\n\n\n\n<p>TilaPRO Soiniitty Oy tarjoaa kattavat ja joustavat siivousratkaisut yrityksille kaikissa toiminta-ymp\u00e4rist\u00f6iss\u00e4. <\/p>\n\n\n\n<p>Olipa tilasi myym\u00e4l\u00e4, toimisto, varasto tai tuotantotila, autamme pit\u00e4m\u00e4\u00e4n ty\u00f6nteon ymp\u00e4rist\u00f6n siistin\u00e4, turvallisena ja edustavana.<br><\/p>\n\n\n\n<p>Palvelumme voidaan r\u00e4\u00e4t\u00e4l\u00f6id\u00e4 vastaamaan juuri sinun yrityksesi tarpeita \u2013 sopimuksen pituuden, siivoustiheyden ja erityisvaatimusten mukaan.<\/p>\n\n\n\n<h2 class=\"wp-block-heading\"><strong><em>Yll\u00e4pitosiivous<\/em><\/strong><\/h2>\n\n\n\n<p>S\u00e4\u00e4nn\u00f6llinen yll\u00e4pitosiivous pit\u00e4\u00e4 toimitilat siistin\u00e4 ja toimintaymp\u00e4rist\u00f6n viihtyis\u00e4n\u00e4 arjessa. Tarjoamme yll\u00e4pitosiivousta esimerkiksi:<\/p>\n\n\n\n<ul class=\"wp-block-list\">\n<li>toimistoihin<\/li>\n\n\n\n<li>myym\u00e4l\u00f6ihin<\/li>\n\n\n\n<li>varastoihin<\/li>\n\n\n\n<li>tuotantotiloihin<\/li>\n<\/ul>\n\n\n\n<p>Yll\u00e4pitosiivous voidaan sopia viikoittain tai joka toinen viikko \u2013 tarpeiden mukaan.<em><br><\/em>T\u00e4m\u00e4 palvelu on yrityksille paras valinta, kun halutaan s\u00e4\u00e4nn\u00f6llisesti puhdas ja toimiva ymp\u00e4rist\u00f6.<\/p>\n\n\n\n<h2 class=\"wp-block-heading\"><strong><em>Perussiivous<\/em><\/strong><\/h2>\n\n\n\n<p>Perussiivous on perusteellisempi ja isompi siivouskertaa vaativa kokonaisuus. Se sopii esimerkiksi tiloihin, joissa halutaan palauttaa siisteyslaatu korkealle tasolle tai valmistautua sesonkiin, tapahtumaan tai asiakastilaisuuteen.<br>Perussiivous toteutetaan tavallisesti 1\u20132 kertaa vuodessa.<\/p>\n\n\n\n<h2 class=\"wp-block-heading\"><strong><em>Kertasiivous<\/em><\/strong><\/h2>\n\n\n\n<p>Tarpeen mukaan toteutettava kertasiivous on joustava tapa hoitaa siivousty\u00f6 silloin, kun siihen on tilauksellinen tarve \u2013 esimerkiksi:<\/p>\n\n\n\n<ul class=\"wp-block-list\">\n<li>tapahtuman j\u00e4lkeen<\/li>\n\n\n\n<li>sesonkikauden vaihtuessa<\/li>\n\n\n\n<li>muuten tilap\u00e4isesti<\/li>\n<\/ul>\n\n\n\n<p>Kertasiivouksen tavoitteena on nopeasti ja tehokkaasti palauttaa siisteys.<\/p>\n\n\n\n<h2 class=\"wp-block-heading\"><strong><em>P\u00e4ivystyssiivous<\/em><\/strong><\/h2>\n\n\n\n<p>Tarpeen mukaan toteutettava kertasiivous on joustava tapa hoitaa siivousty\u00f6 silloin, kun siihen on tilauksellinen tarve \u2013 esimerkiksi:<\/p>\n\n\n\n<ul class=\"wp-block-list\">\n<li>tapahtuman j\u00e4lkeen<\/li>\n\n\n\n<li>sesonkikauden vaihtuessa<\/li>\n\n\n\n<li>muuten tilap\u00e4isesti<\/li>\n<\/ul>\n\n\n\n<p>Kertasiivouksen tavoitteena on nopeasti ja tehokkaasti palauttaa siisteys.<\/p>\n\n\n\n<h2 class=\"wp-block-heading\"><strong><em>Erikoissiivoukset<\/em><\/strong><\/h2>\n\n\n\n<p>Tarjoamme erikoissiivouksia yrityksille yksil\u00f6llisesti sovitun tarpeen mukaan. N\u00e4it\u00e4 voivat olla esimerkiksi:<\/p>\n\n\n\n<ul class=\"wp-block-list\">\n<li><strong>Yl\u00e4p\u00f6lyjen poisto<\/strong> \u2013 poistaa rakenteisiin kertynytt\u00e4 p\u00f6ly\u00e4 ja parantaa sis\u00e4ilman laatua<\/li>\n\n\n\n<li><strong>Ikkunoiden perusteellinen pesu<\/strong> \u2013 sis\u00e4- ja ulkopuolelta tarvittaessa<\/li>\n\n\n\n<li>muut kohdennetut erikoisty\u00f6t<\/li>\n<\/ul>\n\n\n\n<p>Erikoissiivoukset suunnitellaan aina yhdess\u00e4 asiakkaan kanssa, jotta lopputulos vastaa odotuksia.<\/p>\n\n\n\n<p><\/p>\n\n\n\n<h3 class=\"wp-block-heading\">Haluatko siivousratkaisun, joka toimii yrityksesi arjessa sujuvasti ja luotettavasti?<\/h3>\n\n\n\n<p><\/p>\n\n\n\n<div class=\"wp-block-buttons is-layout-flex wp-block-buttons-is-layout-flex\">\n<div class=\"wp-block-button\"><a class=\"wp-block-button__link wp-element-button\" href=\"mailto:lotta@tilaprosoiniitty.fi\">Ota yhteytt\u00e4 ja pyyd\u00e4 tarjous<\/a><\/div>\n<\/div>\n\n\n\n<p><\/p>\n","protected":false},"excerpt":{"rendered":"<p>TilaPRO Soiniitty Oy tarjoaa kattavat ja joustavat siivousratkaisut yrityksille kaikissa toiminta-ymp\u00e4rist\u00f6iss\u00e4. <\/p>\n<p>Olipa tilasi myym\u00e4l\u00e4, toimisto, varasto tai tuotantotila, autamme pit\u00e4m\u00e4\u00e4n ty\u00f6nteon ymp\u00e4rist\u00f6n siistin\u00e4, turvallisena ja edustavana.<\/p>\n","protected":false},"author":1,"featured_media":1512,"comment_status":"closed","ping_status":"closed","sticky":false,"template":"","format":"standard","meta":{"footnotes":""},"categories":[17],"tags":[29,27,28,26,24,37,25,23],"class_list":["post-1511","post","type-post","status-publish","format-standard","has-post-thumbnail","hentry","category-palvelut-yrityksisille","tag-erikoissiivoukset","tag-kertasiivous","tag-paivystyssiivous","tag-perussiivous","tag-tilapro-soiniitty","tag-toimistosiivous","tag-yllapitosiivous","tag-yrityssiivous"],"_links":{"self":[{"href":"https:\/\/www.tilaprosoiniitty.fi\/index.php?rest_route=\/wp\/v2\/posts\/1511","targetHints":{"allow":["GET"]}}],"collection":[{"href":"https:\/\/www.tilaprosoiniitty.fi\/index.php?rest_route=\/wp\/v2\/posts"}],"about":[{"href":"https:\/\/www.tilaprosoiniitty.fi\/index.php?rest_route=\/wp\/v2\/types\/post"}],"author":[{"embeddable":true,"href":"https:\/\/www.tilaprosoiniitty.fi\/index.php?rest_route=\/wp\/v2\/users\/1"}],"replies":[{"embeddable":true,"href":"https:\/\/www.tilaprosoiniitty.fi\/index.php?rest_route=%2Fwp%2Fv2%2Fcomments&post=1511"}],"version-history":[{"count":4,"href":"https:\/\/www.tilaprosoiniitty.fi\/index.php?rest_route=\/wp\/v2\/posts\/1511\/revisions"}],"predecessor-version":[{"id":1571,"href":"https:\/\/www.tilaprosoiniitty.fi\/index.php?rest_route=\/wp\/v2\/posts\/1511\/revisions\/1571"}],"wp:featuredmedia":[{"embeddable":true,"href":"https:\/\/www.tilaprosoiniitty.fi\/index.php?rest_route=\/wp\/v2\/media\/1512"}],"wp:attachment":[{"href":"https:\/\/www.tilaprosoiniitty.fi\/index.php?rest_route=%2Fwp%2Fv2%2Fmedia&parent=1511"}],"wp:term":[{"taxonomy":"category","embeddable":true,"href":"https:\/\/www.tilaprosoiniitty.fi\/index.php?rest_route=%2Fwp%2Fv2%2Fcategories&post=1511"},{"taxonomy":"post_tag","embeddable":true,"href":"https:\/\/www.tilaprosoiniitty.fi\/index.php?rest_route=%2Fwp%2Fv2%2Ftags&post=1511"}],"curies":[{"name":"wp","href":"https:\/\/api.w.org\/{rel}","templated":true}]}}